{"id":1121,"date":"2018-03-08T15:53:56","date_gmt":"2018-03-08T14:53:56","guid":{"rendered":"http:\/\/blog.creamontblanc.org?p=1121"},"modified":"2022-11-09T15:38:19","modified_gmt":"2022-11-09T14:38:19","slug":"dormance-et-changement-climatique-chez-les-arbres","status":"publish","type":"post","link":"https:\/\/blog.creamontblanc.org?p=1121","title":{"rendered":"Dormance et changement climatique chez les arbres"},"content":{"rendered":"<p><strong>Daphn\u00e9 Asse, \u00e9cologue en th\u00e8se de doctorat avec le CREA Mont-Blanc, vient de publier un article scientifique sur la dormance. Mais qu&rsquo;est-ce que la dormance et pourquoi le ph\u00e9nom\u00e8ne est-il si pr\u00e9occupant vis \u00e0 vis du changement climatique ?<\/strong><\/p>\n<p>&nbsp;<\/p>\n<figure id=\"attachment_1123\" class=\"thumbnail wp-caption aligncenter\" style=\"width: 1000px\"><img loading=\"lazy\" decoding=\"async\" class=\"size-full wp-image-1123\" src=\"http:\/\/blog.creamontblanc.org\/wp-content\/uploads\/2018\/03\/Bourgeon_noisetier_CREAMontBlanc.jpg\" alt=\"Bourgeon de noisetier \u00a9 CREA Mont-Blanc \" width=\"1000\" height=\"500\" \/><figcaption class=\"caption wp-caption-text\"><em><strong>Bourgeon de noisetier <\/strong>\u00a9 CREA Mont-Blanc<\/em><\/figcaption><\/figure>\n<p>&nbsp;<\/p>\n<p>Le ph\u00e9nom\u00e8ne de dormance correspond au ralentissement de l\u2019activit\u00e9 m\u00e9tabolique de l&rsquo;arbre en automne, pour r\u00e9sister aux gels hivernaux. Pour lever sa dormance et red\u00e9marrer son activit\u00e9 m\u00e9tabolique au printemps, l\u2019arbre a besoin d\u2019accumuler une certaine quantit\u00e9 de froid durant l&rsquo;automne et l\u2019hiver. Une fois cette dormance leve\u0301e, les bourgeons accumulent au contraire une quantite\u0301 de chaleur qui leur permet ensuite de de\u0301bourrer et fleurir.<\/p>\n<p>Lors des hivers particulie\u0300rement chauds, l\u2019accumulation de froid n&rsquo;est pas suffisante. La dormance est difficilement &#8211; voir pas du tout &#8211; lev\u00e9e, ce qui retarde l\u2019apparition des stades phe\u0301nologiques de printemps.\u00a0C&rsquo;est essentiellement \u00e0 basse altitude que ce retard est observ\u00e9.<\/p>\n<p>Les premiers re\u0301sultats de Daphn\u00e9 Asse sur le sujet, obtenus \u00e0 partir des donn\u00e9es de sciences participatives des b\u00e9n\u00e9voles Ph\u00e9noclim, ont abouti \u00e0 une publication scientifique. Ils confirment une the\u0301orie re\u0301cente (et contre intuitive) publie\u0301e dans la tr\u00e8s r\u00e9put\u00e9e revue scientifique Nature12\u00a0en 2015. L&rsquo;\u00e9tude pre\u0301dit un de\u0301veloppement phe\u0301nologique plus tardif des arbres lors de tempe\u0301ratures anormalement plus chaudes en automne, en hiver et au printemps.<\/p>\n<p>Le ph\u00e9nom\u00e8ne provoque des perturbations en cascade dans les e\u0301cosyste\u0300mes pour les espe\u0300ces qui de\u0301pendent du de\u0301veloppement des arbres.<\/p>\n<p>&nbsp;<\/p>\n<p>&nbsp;<\/p>\n<p style=\"text-align: center\"><strong>Merci \u00e0 tous les b\u00e9n\u00e9voles Ph\u00e9noclim qui ont contribu\u00e9 \u00e0 cette \u00e9tude !<br \/>\nVous souhaitez vous-aussi participer ? Inscrivez-vous sur le site <a href=\"http:\/\/phenoclim.org\/fr\" target=\"_blank\" rel=\"noopener\">Ph\u00e9noclim.org<\/a><\/strong><\/p>\n<p style=\"text-align: center\"><a href=\"http:\/\/phenoclim.org\/fr\/participer-devenir-observateur\" class=\"btn button btn-shortcode kad-btn kad-btn-primary\" id=\"kadbtn716\" target=\"_self\" style=\"color:#FFF;\">PARTICIPER<\/a>\n<p>&nbsp;<\/p>\n<p>&nbsp;<\/p>\n<p><strong>Pour en savoir plus<\/strong><\/p>\n<p>Asse D., Chuine I., Vitasse Y., Yoccoz N.G., Delpierre N., Badeau V., Delestrade A., Randin C.F. (2018) <a href=\"http:\/\/creamontblanc.org\/sites\/default\/files\/atoms\/files\/agmet_asse_et_al_2018_0.pdf\" target=\"_blank\" rel=\"noopener\">Warmer winters reduce the advance of tree spring phenology induced by warmer springs in the Alps<\/a> Agricultural and Forest Meteorology, Volume 252.<\/p>\n<p>Consultez toutes nos publications sur notre site <a href=\"http:\/\/creamontblanc.org\/fr\/nos-publications\" target=\"_blank\" rel=\"noopener\">creamontblanc.org<\/a><\/p>\n<p>Pour contribuer au suivi du changement climatique en montage, <a href=\"http:\/\/phenoclim.org\/fr\/participer-devenir-observateur\" target=\"_blank\" rel=\"noopener\">inscrivez-vous<\/a> sur le site <a href=\"http:\/\/phenoclim.org\/fr\" target=\"_blank\" rel=\"noopener\">Ph\u00e9noclim<\/a> !<\/p>\n<p>&nbsp;<\/p>\n<p>&nbsp;<\/p>\n","protected":false},"excerpt":{"rendered":"<p>Daphn\u00e9 Asse, \u00e9cologue en th\u00e8se de doctorat avec le CREA Mont-Blanc, vient de publier un article scientifique sur la dormance. Mais qu&rsquo;est-ce que la dormance et pourquoi le ph\u00e9nom\u00e8ne est-il si pr\u00e9occupant vis \u00e0 vis du changement climatique ? &nbsp; &hellip; <a href=\"https:\/\/blog.creamontblanc.org?p=1121\">Lire la suite\u00ad\u00ad<\/a><\/p>\n","protected":false},"author":5,"featured_media":1123,"comment_status":"open","ping_status":"open","sticky":false,"template":"","format":"standard","meta":{"_monsterinsights_skip_tracking":false,"_monsterinsights_sitenote_active":false,"_monsterinsights_sitenote_note":"","_monsterinsights_sitenote_category":0,"ngg_post_thumbnail":0,"footnotes":""},"categories":[194],"tags":[35],"class_list":["post-1121","post","type-post","status-publish","format-standard","has-post-thumbnail","hentry","category-la-recherche","tag-phenologie"],"aioseo_notices":[],"amp_enabled":true,"_links":{"self":[{"href":"https:\/\/blog.creamontblanc.org\/index.php?rest_route=\/wp\/v2\/posts\/1121","targetHints":{"allow":["GET"]}}],"collection":[{"href":"https:\/\/blog.creamontblanc.org\/index.php?rest_route=\/wp\/v2\/posts"}],"about":[{"href":"https:\/\/blog.creamontblanc.org\/index.php?rest_route=\/wp\/v2\/types\/post"}],"author":[{"embeddable":true,"href":"https:\/\/blog.creamontblanc.org\/index.php?rest_route=\/wp\/v2\/users\/5"}],"replies":[{"embeddable":true,"href":"https:\/\/blog.creamontblanc.org\/index.php?rest_route=%2Fwp%2Fv2%2Fcomments&post=1121"}],"version-history":[{"count":6,"href":"https:\/\/blog.creamontblanc.org\/index.php?rest_route=\/wp\/v2\/posts\/1121\/revisions"}],"predecessor-version":[{"id":1129,"href":"https:\/\/blog.creamontblanc.org\/index.php?rest_route=\/wp\/v2\/posts\/1121\/revisions\/1129"}],"wp:featuredmedia":[{"embeddable":true,"href":"https:\/\/blog.creamontblanc.org\/index.php?rest_route=\/wp\/v2\/media\/1123"}],"wp:attachment":[{"href":"https:\/\/blog.creamontblanc.org\/index.php?rest_route=%2Fwp%2Fv2%2Fmedia&parent=1121"}],"wp:term":[{"taxonomy":"category","embeddable":true,"href":"https:\/\/blog.creamontblanc.org\/index.php?rest_route=%2Fwp%2Fv2%2Fcategories&post=1121"},{"taxonomy":"post_tag","embeddable":true,"href":"https:\/\/blog.creamontblanc.org\/index.php?rest_route=%2Fwp%2Fv2%2Ftags&post=1121"}],"curies":[{"name":"wp","href":"https:\/\/api.w.org\/{rel}","templated":true}]}}