{"id":1090,"date":"2018-02-19T14:01:09","date_gmt":"2018-02-19T13:01:09","guid":{"rendered":"http:\/\/blog.creamontblanc.org?p=1090"},"modified":"2022-11-09T15:48:17","modified_gmt":"2022-11-09T14:48:17","slug":"pollinisation-et-abeilles-sauvages","status":"publish","type":"post","link":"https:\/\/blog.creamontblanc.org?p=1090","title":{"rendered":"Pollinisation et abeilles sauvages"},"content":{"rendered":"<p><strong>Les abeilles font partie de l\u2019imaginaire collectif : craintes ou admir\u00e9es, aujourd\u2019hui leur survie inqui\u00e8te. Si les abeilles vont mal, o\u00f9 va-t-on ? Colin Van Reeth, docteur en \u00e9cologie, a pr\u00e9sent\u00e9 son travail sur la pollinisation et les abeilles sauvages au Science Sandwich #2 du CREA Mont-Blanc. Retour sur ce d\u00e9jeuner-conf\u00e9rence bourdonnant.<\/strong><\/p>\n<p>&nbsp;<\/p>\n<figure id=\"attachment_1093\" class=\"thumbnail wp-caption aligncenter\" style=\"width: 1000px\"><img loading=\"lazy\" decoding=\"async\" class=\"size-full wp-image-1093\" src=\"http:\/\/blog.creamontblanc.org\/wp-content\/uploads\/2018\/02\/20180213_Science_Sandwich_Pollinisation_Colin_Van_Reeth_CEAMont-Blanc-6.jpg\" alt=\"Abeille sauvage Andrena cineraria sur une fleur de Cardamine \u00a9 CVanReeth\" width=\"1000\" height=\"500\" \/><figcaption class=\"caption wp-caption-text\"><em><strong>Abeille sauvage <\/strong><\/em><strong>Andrena cineraria<\/strong><em><strong> sur une fleur de Cardamine des pr\u00e9s\u00a0 <\/strong>\u00a9 CVanReeth<\/em><\/figcaption><\/figure>\n<p>&nbsp;<\/p>\n<p>Il est midi et demi, les derniers participants de ce 2nd Science Sandwich p\u00e9n\u00e8trent dans l\u2019Observatoire du Mont-Blanc. En ce mardi 13 f\u00e9vrier, ce sont 11 personnes qui se rassemblent avec curiosit\u00e9 dans la salle principale de l\u2019ancien laboratoire de Joseph Vallot, malgr\u00e9 l\u2019appel du beau temps.<\/p>\n<p>Dans le ronronnement du mat\u00e9riel informatique et les bavardages discrets, <a href=\"http:\/\/creamontblanc.org\/fr\/colin-van-reeth\" target=\"_blank\" rel=\"noopener\">Colin Van Reeth<\/a> s\u2019\u00e9claircit la voix. Il s\u2019appr\u00eate \u00e0 pr\u00e9senter les r\u00e9sultats de 3 ann\u00e9es de recherche en th\u00e8se de doctorat. Au programme, un exemple simple et parlant pour tout un chacun \u2013 la pollinisation et les abeilles \u2013 pour illustrer des notions fondamentales en recherche en \u00e9cologie.<\/p>\n<h2>La pollinisation : aux fondements de notre agriculture<\/h2>\n<p>76 % des plantes cultiv\u00e9es dans le monde d\u00e9pendent en partie ou compl\u00e8tement des animaux pour leur reproduction. Cela repr\u00e9sente 35 % de la production mondiale. Pour chaque esp\u00e8ce cultiv\u00e9e, le degr\u00e9 d\u2019importance de la pollinisation est plus ou moins \u00e9lev\u00e9.<\/p>\n<p>Le r\u00e9troprojecteur s\u2019anime de nombreuses images qui tour \u00e0 tour appuient le discours de Colin. La past\u00e8que, par exemple est compl\u00e8tement d\u00e9pendante de la pollinisation par les insectes. L\u2019esp\u00e8ce ne pourrait survivre en leur absence. Pas de soucis \u00e0 se faire au contraire pour la vigne, dont les fleurs sont capables de s\u2019autopolliniser. Nos c\u00e9pages sont saufs.<\/p>\n<p>L\u2019assembl\u00e9e est int\u00e9ress\u00e9e mais reste sage, jusqu\u2019au moment o\u00f9 une \u00e9quation apparait \u00e0 l\u2019\u00e9cran. Colin s\u2019amuse des symboles illisibles et explique, sous les rires du public, qu\u2019il est possible de mettre en \u00e9quation la \u00ab valeur \u00e9conomique du service de pollinisation fourni par les animaux\u00bb. Un appel \u00e0 participation invite chacun \u00e0 faire le calcul et apr\u00e8s quelques pronostics hasardeux, le chiffre tombe : 153 milliards d\u2019euros sont \u00ab \u00e9conomis\u00e9s \u00bb chaque ann\u00e9e dans le monde essentiellement gr\u00e2ce \u00e0 l\u2019activit\u00e9 des insectes. En France, la contribution des insectes pour polliniser les plantes cultiv\u00e9es (essentiellement le colza, les pommiers et les p\u00eachers) repr\u00e9sente pr\u00e8s de 2 milliards d\u2019euros par an.<\/p>\n<p>&nbsp;<\/p>\n<figure id=\"attachment_1097\" class=\"thumbnail wp-caption aligncenter\" style=\"width: 700px\"><img loading=\"lazy\" decoding=\"async\" class=\"wp-image-1097 size-full\" src=\"http:\/\/blog.creamontblanc.org\/wp-content\/uploads\/2018\/02\/20180213_Science_Sandwich_Pollinisation_Colin_Van_Reeth_CEAMont-Blanc-2.jpg\" alt=\"Mise en \u00e9quation de la valeur \u00e9conomique du service de pollinisation \u00a9 CVReeth - source Gallai et al. (2009)\" width=\"700\" height=\"259\" \/><figcaption class=\"caption wp-caption-text\"><em><strong>Mise en \u00e9quation de la valeur \u00e9conomique du service de pollinisation fourni par les animaux <\/strong>\u00a9 CVReeth &#8211; source Gallai et al. (2009)<br \/> <\/em><\/figcaption><\/figure>\n<h1><\/h1>\n<h2>Les abeilles sauvages : famili\u00e8res mais m\u00e9connues<\/h2>\n<p>L\u2019ambiance est \u00e0 la participation, Colin surveille sa montre, surpris par l\u2019interactivit\u00e9 de ce d\u00e9jeuner-conf\u00e9rence. Avant de poursuivre, il rappelle quels sont les animaux qui pollinisent les plantes : l\u2019abeille domestique, bien s\u00fbr, la plus connue et la seule abeille en France \u00e0 faire du miel, mais aussi les abeilles sauvages (comme le bourdon), les papillons, les dipt\u00e8res (mouches) et certains oiseaux et mammif\u00e8res (colibris, chauves-souris\u2026). Les candidats \u00e0 la pollinisation sont nombreux. L\u2019intervenant en vient finalement aux h\u00e9ro\u00efnes de la s\u00e9ance, les abeilles sauvages.<\/p>\n<p>Devant un trombinoscope qui pr\u00e9sente la grande diversit\u00e9 de formes et de couleurs des abeilles sauvages, Colin lance les paris : combien existe-t-il d\u2019esp\u00e8ces d\u2019abeilles sauvages en France ? Le public est r\u00e9ceptif et les propositions fusent : 47. 100. 53. 60. Plus. 274. Plus. 500. Vraiment plus. 786. 805. Les ench\u00e8res montent. Il existe en r\u00e9alit\u00e9 949 esp\u00e8ces d\u2019abeilles sauvages en France.<\/p>\n<h2>949 esp\u00e8ces d\u2019abeilles sauvages en France<\/h2>\n<p>Sur ces 949 esp\u00e8ces en France, Colin en a identifi\u00e9 130 en Moselle, pendant son travail de th\u00e8se. Des identifications pas \u00e9videntes, t\u00e9moigne-t-il, impossibles \u00e0 l\u2019\u0153il et qui obligent la capture. Il est n\u00e9cessaire d\u2019utiliser des dispositifs artisanaux qui ne permettent d\u2019attraper qu\u2019un \u00e0 trois insectes \u00e0 la fois.<\/p>\n<p>Leur diversit\u00e9 va au-del\u00e0 de l\u2019apparence bien s\u00fbr : les sites de nidification (dans le sol, dans le bois ou dans des cavit\u00e9s naturelles vari\u00e9es), les exigences alimentaires (une seule ou plusieurs familles de plantes butin\u00e9es), les cycles saisonniers (la ph\u00e9nologie &#8211; pr\u00e9sence de mars \u00e0 octobre ou seulement deux mois dans l\u2019ann\u00e9e) et les types de socialit\u00e9s (insectes solitaires ou sociaux). Environ 70 % des esp\u00e8ces sont solitaires, les autres pr\u00e9sentent un d\u00e9but de comportement social voire m\u00eame une organisation tr\u00e8s \u00e9labor\u00e9e se rapprochant de celle des abeilles domestiques. En ce qui concerne l\u2019abeille domestique, jusqu\u2019\u00e0 80 000 individus peuvent cohabiter avec un partage des t\u00e2ches stricte entre les individus de la colonie.<\/p>\n<blockquote><p>Les abeilles, esp\u00e8ces menac\u00e9es ?<\/p>\n<p>Jusqu\u2019\u00e0 60 % des esp\u00e8ces d\u2019abeilles sauvages en Europe, environ 2000 esp\u00e8ces, seraient menac\u00e9es. Les causes \u00e0 l\u2019origine de ce d\u00e9clin sont nombreuses : les produits phytosanitaires, l\u2019introduction d\u2019esp\u00e8ces parasites, pathog\u00e8nes ou invasives (comme le frelon asiatique), la diminution de la surface d\u2019habitats favorables (prairies extensives, haies) ou le changement climatique, qui peut provoquer une d\u00e9synchronisation entre l\u2019\u00e9mergence des fleurs et la p\u00e9riode d\u2019activit\u00e9 des insectes. Tous ces param\u00e8tres, qui interagissent entre eux, affectent la distribution et l\u2019abondance des insectes.<\/p><\/blockquote>\n<p>&nbsp;<\/p>\n<h2>Andrena cineraria, l\u2019abeille sauvage paresseuse<\/h2>\n<p>Colin pr\u00e9sente \u00e9galement le d\u00e9tail de ses travaux de recherche en th\u00e8se de doctorat \u00e0 l\u2019Universit\u00e9 de Lorraine o\u00f9 il s\u2019est int\u00e9ress\u00e9 \u00e0 l\u2019influence des cultures (le colza dans ce cas pr\u00e9cis) sur l\u2019abondance d\u2019abeilles sauvages d\u2019une ann\u00e9e sur l\u2019autre. Des r\u00e9sultats de ses recherches aux manipulations qu\u2019il a d\u00fb r\u00e9aliser en passant par ses questionnements personnels, Colin partage avec aisance ses d\u00e9couvertes et ses valeurs.<\/p>\n<div id=\"kad-wp-gallery39\" class=\"kad-wp-gallery kad-light-wp-gallery clearfix kt-gallery-column-3 rowtight\"><div class=\"tcol-lg-4 tcol-md-4 tcol-sm-4 tcol-xs-6 tcol-ss-12 g_item\"><div class=\"grid_item kad_gallery_fade_in gallery_item\"><a href=\"https:\/\/blog.creamontblanc.org\/wp-content\/uploads\/2018\/02\/20180213_Science_Sandwich_Pollinisation_Colin_Van_Reeth_CEAMont-Blanc-7.jpg\" data-rel=\"lightbox\" class=\"lightboxhover\"><img loading=\"lazy\" decoding=\"async\" src=\"https:\/\/blog.creamontblanc.org\/wp-content\/uploads\/2018\/02\/20180213_Science_Sandwich_Pollinisation_Colin_Van_Reeth_CEAMont-Blanc-7-400x400.jpg\" width=\"400\" height=\"400\" alt=\"Abeille sauvage Andrena cineraria sur une fleur de Cardamine des pr\u00e9s \u00a9 CVanReeth\"  class=\"light-dropshaddow\"\/><\/a><\/div><\/div><div class=\"tcol-lg-4 tcol-md-4 tcol-sm-4 tcol-xs-6 tcol-ss-12 g_item\"><div class=\"grid_item kad_gallery_fade_in gallery_item\"><a href=\"https:\/\/blog.creamontblanc.org\/wp-content\/uploads\/2018\/02\/20180213_Science_Sandwich_Pollinisation_Colin_Van_Reeth_CEAMont-Blanc-3.jpg\" data-rel=\"lightbox\" class=\"lightboxhover\"><img loading=\"lazy\" decoding=\"async\" src=\"https:\/\/blog.creamontblanc.org\/wp-content\/uploads\/2018\/02\/20180213_Science_Sandwich_Pollinisation_Colin_Van_Reeth_CEAMont-Blanc-3-400x400.jpg\" width=\"400\" height=\"400\" alt=\"Coupelles color\u00e9es servant \u00e0 capturer les abeilles sauvages \u00a9 CVanReeth\"  class=\"light-dropshaddow\"\/><\/a><\/div><\/div><\/div>\n<p>Il a \u00e9tudi\u00e9 une esp\u00e8ce en particulier,<em> Andrena cineraria<\/em>, qui a la particularit\u00e9 de butiner les fleurs de colza et de nourrir ses larves pendant la p\u00e9riode de floraison du colza. Gr\u00e2ce \u00e0 un total de 1287 individus captur\u00e9s sur diff\u00e9rents sites, Colin a observ\u00e9 une augmentation de 124 % du nombre d\u2019individus lorsque la surface occup\u00e9e par le colza passait de 0 \u00e0 15% de la surface totale de la zone. L\u2019esp\u00e8ce \u00e9tudi\u00e9e est donc capable de profiter des ressources abondantes fournies par le colza (nectar et pollen) pour nourrir plus de larves d\u2019insectes et ainsi augmenter le nombre d\u2019individus actifs l\u2019ann\u00e9e suivante.<\/p>\n<h2>Plantes cultiv\u00e9es VS plantes sauvages, la victoire du \u00ab fast-food \u00bb<\/h2>\n<p>Mais quelle influence ce changement alimentaire des abeilles peut-il avoir sur la pollinisation des plantes sauvages voisines ? Colin a mis en place plusieurs exp\u00e9rimentations sur les plantes sauvages, marquant des dizaines de fleurs d\u2019un cordon de coton noir nou\u00e9 autour de la tige, ensachant des fleurs t\u00e9moins pour emp\u00eacher les pollinisateurs de les f\u00e9conder\u2026 un travail minutieux et laborieux.<\/p>\n<div id=\"kad-wp-gallery10\" class=\"kad-wp-gallery kad-light-wp-gallery clearfix kt-gallery-column-3 rowtight\"><div class=\"tcol-lg-4 tcol-md-4 tcol-sm-4 tcol-xs-6 tcol-ss-12 g_item\"><div class=\"grid_item kad_gallery_fade_in gallery_item\"><a href=\"https:\/\/blog.creamontblanc.org\/wp-content\/uploads\/2018\/02\/20180213_Science_Sandwich_Pollinisation_Colin_Van_Reeth_CEAMont-Blanc-4.jpg\" data-rel=\"lightbox\" class=\"lightboxhover\"><img loading=\"lazy\" decoding=\"async\" src=\"https:\/\/blog.creamontblanc.org\/wp-content\/uploads\/2018\/02\/20180213_Science_Sandwich_Pollinisation_Colin_Van_Reeth_CEAMont-Blanc-4-400x400.jpg\" width=\"400\" height=\"400\" alt=\"Prairie, habitat semi-naturel des abeilles sauvages \u00a9 CVanReeth\"  class=\"light-dropshaddow\"\/><\/a><\/div><\/div><div class=\"tcol-lg-4 tcol-md-4 tcol-sm-4 tcol-xs-6 tcol-ss-12 g_item\"><div class=\"grid_item kad_gallery_fade_in gallery_item\"><a href=\"https:\/\/blog.creamontblanc.org\/wp-content\/uploads\/2018\/02\/20180213_Science_Sandwich_Pollinisation_Colin_Van_Reeth_CEAMont-Blanc-5.jpg\" data-rel=\"lightbox\" class=\"lightboxhover\"><img loading=\"lazy\" decoding=\"async\" src=\"https:\/\/blog.creamontblanc.org\/wp-content\/uploads\/2018\/02\/20180213_Science_Sandwich_Pollinisation_Colin_Van_Reeth_CEAMont-Blanc-5-400x400.jpg\" width=\"400\" height=\"400\" alt=\"Champ de colza \u00a9 CVanReeth\"  class=\"light-dropshaddow\"\/><\/a><\/div><\/div><\/div>\n<p>Colin conclut finalement en disant qu\u2019il existe une forte comp\u00e9tition sur le territoire entre certaines plantes cultiv\u00e9es et les plantes sauvages. Plus le colza gagne du terrain et plus les abeilles favorisent cette source d\u2019alimentation, moins les plantes sauvages sont butin\u00e9es et moins elles produisent de graines.<\/p>\n<p>13h31. Malgr\u00e9 la vingtaine de questions qui auront anim\u00e9 ce d\u00e9bat, Colin a tenu le chrono. Les participants auront d\u00e9vor\u00e9 ses propos comme leurs sandwichs, dont les miettes sur la table de r\u00e9union de l\u2019Observatoire du Mont-Blanc attestent de la gourmandise. L\u2019univers de ces insectes et de ceux qui les \u00e9tudient est maintenant plus familier.<\/p>\n<p>&nbsp;<\/p>\n<p>R\u00e9daction : Charlotte Mader<\/p>\n<hr \/>\n<p><strong>Pour en savoir plus<\/strong><\/p>\n<p>Les prochains Science Sandwich : <a href=\"http:\/\/blog.creamontblanc.org?p=1055\">Sciences sandwich \u2013 programme 2018 <\/a><\/p>\n","protected":false},"excerpt":{"rendered":"<p>Les abeilles font partie de l\u2019imaginaire collectif : craintes ou admir\u00e9es, aujourd\u2019hui leur survie inqui\u00e8te. Si les abeilles vont mal, o\u00f9 va-t-on ? Colin Van Reeth, docteur en \u00e9cologie, a pr\u00e9sent\u00e9 son travail sur la pollinisation et les abeilles sauvages &hellip; <a href=\"https:\/\/blog.creamontblanc.org?p=1090\">Lire la suite\u00ad\u00ad<\/a><\/p>\n","protected":false},"author":5,"featured_media":1093,"comment_status":"open","ping_status":"open","sticky":false,"template":"","format":"standard","meta":{"_monsterinsights_skip_tracking":false,"_monsterinsights_sitenote_active":false,"_monsterinsights_sitenote_note":"","_monsterinsights_sitenote_category":0,"ngg_post_thumbnail":0,"footnotes":""},"categories":[194],"tags":[229,216],"class_list":["post-1090","post","type-post","status-publish","format-standard","has-post-thumbnail","hentry","category-la-recherche","tag-abeilles","tag-faune"],"aioseo_notices":[],"amp_enabled":true,"_links":{"self":[{"href":"https:\/\/blog.creamontblanc.org\/index.php?rest_route=\/wp\/v2\/posts\/1090","targetHints":{"allow":["GET"]}}],"collection":[{"href":"https:\/\/blog.creamontblanc.org\/index.php?rest_route=\/wp\/v2\/posts"}],"about":[{"href":"https:\/\/blog.creamontblanc.org\/index.php?rest_route=\/wp\/v2\/types\/post"}],"author":[{"embeddable":true,"href":"https:\/\/blog.creamontblanc.org\/index.php?rest_route=\/wp\/v2\/users\/5"}],"replies":[{"embeddable":true,"href":"https:\/\/blog.creamontblanc.org\/index.php?rest_route=%2Fwp%2Fv2%2Fcomments&post=1090"}],"version-history":[{"count":5,"href":"https:\/\/blog.creamontblanc.org\/index.php?rest_route=\/wp\/v2\/posts\/1090\/revisions"}],"predecessor-version":[{"id":1110,"href":"https:\/\/blog.creamontblanc.org\/index.php?rest_route=\/wp\/v2\/posts\/1090\/revisions\/1110"}],"wp:featuredmedia":[{"embeddable":true,"href":"https:\/\/blog.creamontblanc.org\/index.php?rest_route=\/wp\/v2\/media\/1093"}],"wp:attachment":[{"href":"https:\/\/blog.creamontblanc.org\/index.php?rest_route=%2Fwp%2Fv2%2Fmedia&parent=1090"}],"wp:term":[{"taxonomy":"category","embeddable":true,"href":"https:\/\/blog.creamontblanc.org\/index.php?rest_route=%2Fwp%2Fv2%2Fcategories&post=1090"},{"taxonomy":"post_tag","embeddable":true,"href":"https:\/\/blog.creamontblanc.org\/index.php?rest_route=%2Fwp%2Fv2%2Ftags&post=1090"}],"curies":[{"name":"wp","href":"https:\/\/api.w.org\/{rel}","templated":true}]}}