{"id":1027,"date":"2018-01-08T15:21:01","date_gmt":"2018-01-08T14:21:01","guid":{"rendered":"http:\/\/blog.creamontblanc.org?p=1027"},"modified":"2022-11-09T15:52:09","modified_gmt":"2022-11-09T14:52:09","slug":"un-avenir-incertain-pour-le-lagopede-alpin","status":"publish","type":"post","link":"https:\/\/blog.creamontblanc.org?p=1027","title":{"rendered":"Un avenir incertain pour le lagop\u00e8de alpin"},"content":{"rendered":"<p><strong>Le lagop\u00e8de alpin, oiseau embl\u00e9matique des milieux d\u2019altitude, risque de perdre plus de 90% de son habitat d\u2019ici 2090 sous les effets du changement climatique. Brad Carlson, \u00e9cologue au CREA Mont-Blanc, nous explique les raisons de cette disparition brutale dans le massif du Mont-Blanc.<\/strong><\/p>\n<figure id=\"attachment_1029\" class=\"thumbnail wp-caption aligncenter\" style=\"width: 1000px\"><img loading=\"lazy\" decoding=\"async\" class=\"size-full wp-image-1029\" src=\"http:\/\/blog.creamontblanc.org\/wp-content\/uploads\/2018\/01\/lagopede-alpin_c_Vicent_Munier_source_la_Salamandre.jpg\" alt=\"Lagop\u00e8de Alpin \u00a9 Vicent Munier, source La Salamandre\" width=\"1000\" height=\"500\" \/><figcaption class=\"caption wp-caption-text\"><strong><em>Lagop\u00e8de Alpin <\/em><\/strong><em>\u00a9 Vincent Munier, source <a href=\"https:\/\/www.salamandre.net\/article\/invisible\/\" target=\"_blank\" rel=\"noopener\">La Salamandre<\/a><\/em><\/figcaption><\/figure>\n<p><!--more--><\/p>\n<p>Relique des p\u00e9riodes glaciaires plus froides, le lagop\u00e8de alpin (Lagopus mutus helveticus) est un oiseau de montagne qui a besoin du froid pour se d\u00e9velopper et se reproduire. Quand les grands glaciers de la derni\u00e8re p\u00e9riode glaciaire ont commenc\u00e9 \u00e0 reculer il y a environ 10 000 ans, le lagop\u00e8de s\u2019est retrouv\u00e9 coinc\u00e9 en altitude dans les Alpes et les Pyr\u00e9n\u00e9es sur des \u00eelots d\u2019habitat favorable caract\u00e9ris\u00e9s par un enneigement important et des temp\u00e9ratures basses. Si cette esp\u00e8ce a pu se d\u00e9placer et s\u2019adapter pour survivre aux variations climatiques des 20 000 derni\u00e8res ann\u00e9es (Lagerholm et al. 2017), son avenir dans les Alpes est incertain dans les d\u00e9cennies \u00e0 venir, \u00e0 cause d\u2019un r\u00e9chauffement anticip\u00e9 sans pr\u00e9c\u00e9dent en termes de rapidit\u00e9 et magnitude.<\/p>\n<p><strong>Plus de 90 % de l&rsquo;habitat du lagop\u00e8de alpin vou\u00e9 \u00e0 disparaitre<\/strong><\/p>\n<p>Au CREA Mont-Blanc, et en collaboration avec des mod\u00e9lisateurs au Laboratoire d\u2019Ecologie Alpine (LECA) \u00e0 Grenoble, nous avons utilis\u00e9 les derniers mod\u00e8les climatiques pour pr\u00e9dire la distribution de plusieurs esp\u00e8ces, dont le lagop\u00e8de, dans le massif du Mont-Blanc, et ceci jusqu\u2019en 2090. Nous nous sommes bas\u00e9s sur un sc\u00e9nario probable qui pr\u00e9dit une augmentation des temp\u00e9ratures moyennes d\u2019entre 3 et 5\u00b0C d\u2019ici 2100. Les pr\u00e9visions ne sont pas optimistes : dans le massif, le lagop\u00e8de risque de perdre 60% de son habitat d\u2019ici 2050 et presque la totalit\u00e9 (plus de 90%) d\u2019ici 2090. Ces chiffres sont en accord avec d\u2019autres \u00e9tudes men\u00e9es en Europe, qui pr\u00e9disent une perte d\u2019habitat entre 63 et 98% du lagop\u00e8de pour la p\u00e9riode 2070-2100 (Revermann et al. 2012 ; Virkkala et al. 2008).<\/p>\n<figure id=\"attachment_1045\" class=\"thumbnail wp-caption aligncenter\" style=\"width: 1000px\"><img loading=\"lazy\" decoding=\"async\" class=\"size-full wp-image-1045\" src=\"http:\/\/blog.creamontblanc.org\/wp-content\/uploads\/2018\/01\/lagopede_BCarlson_CREAMontBlanc.gif\" alt=\"Mod\u00e9lisation de l'\u00e9volution de l'habitat du lagop\u00e8de alpin jusqu'en 2090 \u00a9 CREA Mont-Blanc - photo Jacques Blanc, Parc National de la Vanoise\" width=\"1000\" height=\"538\" \/><figcaption class=\"caption wp-caption-text\"><em><strong>Mod\u00e9lisation de l&rsquo;\u00e9volution de l&rsquo;habitat du lagop\u00e8de alpin jusqu&rsquo;en 2090 <\/strong><\/em>\u00a9 CREA Mont-Blanc &#8211; photo Jacques Blanc, Parc National de la Vanoise<\/figcaption><\/figure>\n<p>&nbsp;<\/p>\n<p><strong>Les causes : changement climatique, topographie et d\u00e9rangement humain<\/strong><\/p>\n<p>Les raisons expliquant cette disparition brutale sont multiples. En plus du r\u00e9chauffement et de la r\u00e9duction d\u2019enneigement associ\u00e9e qui r\u00e9duit la surface de son habitat favorable, la topographie du massif ne joue pas en sa faveur : les parois raides et glaciaires du massif limitent sa remont\u00e9e en altitude. M\u00eame si le recul glaciaire, notamment d\u2019ici 2050, cr\u00e9era quelques nouveaux habitats potentiels, ceci ne sera pas suffisant \u00e0 priori pour temporiser la perte de milieux favorables. D\u00e9pendant de la v\u00e9g\u00e9tation pour se nourrir, le lagop\u00e8de sera \u00e9galement contraint par la vitesse \u00e0 laquelle les plantes alpines remontent et colonisent des nouveaux habitats plus hauts en altitude. Enfin, m\u00eame si la pr\u00e9sence de skieurs et d\u2019alpinistes n\u2019est pas consid\u00e9r\u00e9e dans les mod\u00e8les, le d\u00e9rangement humain est un facteur aggravant qui co\u00fbte cher au lagop\u00e8de sur le plan \u00e9nerg\u00e9tique, et qui contribue d\u00e9j\u00e0 au d\u00e9clin des populations de lagop\u00e8de en Haute Savoie.<\/p>\n<p>Une question \u00e0 laquelle nous sommes souvent confront\u00e9s au CREA Mont-Blanc : et alors ? D\u2019abord, le premier argument vient de la biologie de la conservation : c\u2019est une esp\u00e8ce embl\u00e9matique des grandes p\u00e9riodes glaciaires, avec un patrimoine g\u00e9n\u00e9tique et un parcours biog\u00e9ographique qui sont uniques, et qui contribue \u00e0 la biodiversit\u00e9 de nos r\u00e9gions alpines. Ensuite, au m\u00eame titre que le recul des glaciers ou la fonte du permafrost, la disparition rapide de certaines esp\u00e8ces tel le lagop\u00e8de nous fournit un indicateur, un effet tangible, de l\u2019impact du changement climatique dans les montagnes qui nous entourent. Enfin, il s\u2019agit d\u2019une esp\u00e8ce qui nous \u00e9merveille par sa simple pr\u00e9sence l\u00e0-haut, m\u00eame si on ne la voit pas tous les jours, comme en t\u00e9moigne le film qui vient de sortir, \u00ab <a href=\"https:\/\/vimeo.com\/236111617\" target=\"_blank\" rel=\"noopener\">Origines : La faune venue du froid<\/a> \u00bb r\u00e9alis\u00e9 par Daniel Rodrigues,<\/p>\n<div class=\"kad-vimeo-shortcode  videofit \"><iframe loading=\"lazy\" width=\"600\" height=\"400\" src=\"\/\/player.vimeo.com\/video\/236111617?title=0&amp;byline=0&amp;portrait=0&amp;color=ffffff\" frameborder=\"0\" allowfullscreen=\"true\"><\/iframe><\/div>\n<p>Pour en savoir plus sur l\u2019avenir des esp\u00e8ces dans le massif du Mont-Blanc : <a href=\"http:\/\/www.atlasmontblanc.org\/fr\/repartition-des-especes\" target=\"_blank\" rel=\"noopener\">R\u00e9partition des esp\u00e8ces &#8211; Atlas du Mont-Blanc<\/a><\/p>\n<p>&nbsp;<\/p>\n<p><strong>R\u00e9daction et analyse<\/strong><\/p>\n<p>Brad Carlson<\/p>\n<p>&nbsp;<\/p>\n<p><strong>Partenaires<\/strong><\/p>\n<p>Wilfried Thuiller (DR CNRS) \u2013 <a href=\"http:\/\/www-leca.ujf-grenoble.fr\/\" target=\"_blank\" rel=\"noopener\">Laboratoire d\u2019\u00c9cologie Alpine, Grenoble<\/a><\/p>\n<p><img loading=\"lazy\" decoding=\"async\" class=\" wp-image-1034\" src=\"http:\/\/blog.creamontblanc.org\/wp-content\/uploads\/2018\/01\/logo_LECA.jpg\" alt=\"Laboratoire d'\u00c9cologie alpine\" width=\"201\" height=\"64\" \/><\/p>\n<p>&nbsp;<\/p>\n<p>&nbsp;<\/p>\n<p><strong>R\u00e9f\u00e9rences<\/strong><\/p>\n<p>Lagerholm, V. K., Sandoval\u2010Castellanos, E., Vaniscotte, A., Potapova, O. R., Tomek, T., Bochenski, Z. M., &amp; Dal\u00e9n, L. (2017). Range shifts or extinction? Ancient DNA and distribution modelling reveal past and future responses to climate warming in cold\u2010adapted birds. Global Change Biology, 23(4), 1425-1435.<\/p>\n<p>Novoa, C., Desmet, J.-F, Muffat-Joly, B., Arvin-B\u00e9rod, M., Belleau, E., Birck, C., &amp; Losinger, I. (2014). Le lagop\u00e8de alpin en Haute Savoie, biologie des populations et impact des activit\u00e9s humaines. Publication ONCFS\/Asters\/GRIFEM, 64 pages.<\/p>\n<p>Revermann, R., Schmid, H., Zbinden, N., Spaar, R., &amp; Schr\u00f6der, B. (2012). Habitat at the mountain tops: how long can Rock Ptarmigan (Lagopus muta helvetica) survive rapid climate change in the Swiss Alps? A multi-scale approach. Journal of Ornithology, 153(3), 891-905.<\/p>\n<p>Virkkala, R., Heikkinen, R. K., Leikola, N., &amp; Luoto, M. (2008). Projected large-scale range reductions of northern-boreal land bird species due to climate change. Biological Conservation, 141(5), 1343-1353.<\/p>\n","protected":false},"excerpt":{"rendered":"<p>Le lagop\u00e8de alpin, oiseau embl\u00e9matique des milieux d\u2019altitude, risque de perdre plus de 90% de son habitat d\u2019ici 2090 sous les effets du changement climatique. Brad Carlson, \u00e9cologue au CREA Mont-Blanc, nous explique les raisons de cette disparition brutale dans &hellip; <a href=\"https:\/\/blog.creamontblanc.org?p=1027\">Lire la suite\u00ad\u00ad<\/a><\/p>\n","protected":false},"author":8,"featured_media":1029,"comment_status":"open","ping_status":"open","sticky":false,"template":"","format":"standard","meta":{"_monsterinsights_skip_tracking":false,"_monsterinsights_sitenote_active":false,"_monsterinsights_sitenote_note":"","_monsterinsights_sitenote_category":0,"ngg_post_thumbnail":0,"footnotes":""},"categories":[194],"tags":[10,230,216,120],"class_list":["post-1027","post","type-post","status-publish","format-standard","has-post-thumbnail","hentry","category-la-recherche","tag-climat","tag-especes-blanches","tag-faune","tag-lagopede-alpin"],"aioseo_notices":[],"amp_enabled":true,"_links":{"self":[{"href":"https:\/\/blog.creamontblanc.org\/index.php?rest_route=\/wp\/v2\/posts\/1027","targetHints":{"allow":["GET"]}}],"collection":[{"href":"https:\/\/blog.creamontblanc.org\/index.php?rest_route=\/wp\/v2\/posts"}],"about":[{"href":"https:\/\/blog.creamontblanc.org\/index.php?rest_route=\/wp\/v2\/types\/post"}],"author":[{"embeddable":true,"href":"https:\/\/blog.creamontblanc.org\/index.php?rest_route=\/wp\/v2\/users\/8"}],"replies":[{"embeddable":true,"href":"https:\/\/blog.creamontblanc.org\/index.php?rest_route=%2Fwp%2Fv2%2Fcomments&post=1027"}],"version-history":[{"count":13,"href":"https:\/\/blog.creamontblanc.org\/index.php?rest_route=\/wp\/v2\/posts\/1027\/revisions"}],"predecessor-version":[{"id":1054,"href":"https:\/\/blog.creamontblanc.org\/index.php?rest_route=\/wp\/v2\/posts\/1027\/revisions\/1054"}],"wp:featuredmedia":[{"embeddable":true,"href":"https:\/\/blog.creamontblanc.org\/index.php?rest_route=\/wp\/v2\/media\/1029"}],"wp:attachment":[{"href":"https:\/\/blog.creamontblanc.org\/index.php?rest_route=%2Fwp%2Fv2%2Fmedia&parent=1027"}],"wp:term":[{"taxonomy":"category","embeddable":true,"href":"https:\/\/blog.creamontblanc.org\/index.php?rest_route=%2Fwp%2Fv2%2Fcategories&post=1027"},{"taxonomy":"post_tag","embeddable":true,"href":"https:\/\/blog.creamontblanc.org\/index.php?rest_route=%2Fwp%2Fv2%2Ftags&post=1027"}],"curies":[{"name":"wp","href":"https:\/\/api.w.org\/{rel}","templated":true}]}}