{"id":1002,"date":"2017-11-29T16:59:18","date_gmt":"2017-11-29T15:59:18","guid":{"rendered":"http:\/\/blog.creamontblanc.org?p=1002"},"modified":"2017-11-29T16:59:18","modified_gmt":"2017-11-29T15:59:18","slug":"cette-annee-pour-noel-offrez-de-la-neige","status":"publish","type":"post","link":"https:\/\/blog.creamontblanc.org?p=1002","title":{"rendered":"Cette ann\u00e9e pour No\u00ebl, offrez de la neige !"},"content":{"rendered":"<p><strong>Le CREA Mont-Blanc, ONG scientifique engag\u00e9e dans la compr\u00e9hension du changement climatique et de son impact, reconnue par les Nations-Unies en 2017, lance une campagne de dons pour contribuer au financement de ses activit\u00e9s en mati\u00e8re de recherche en \u00e9cologie alpine, data science et science participative. Sur le th\u00e8me \u00ab\u00a0Offrez de la neige \u00e0 No\u00ebl\u00a0\u00bb, cette campagne vise \u00e9galement \u00e0 sensibiliser grand public et d\u00e9cideurs \u00e0 l\u2019impact du changement climatique en montagne.<\/strong><!--more--><\/p>\n<p>&nbsp;<\/p>\n<p><img loading=\"lazy\" decoding=\"async\" class=\"size-full wp-image-1005\" src=\"http:\/\/blog.creamontblanc.org\/wp-content\/uploads\/2017\/11\/campagne_flocon_CREAMontBanc.jpg\" alt=\"Campagne de dons de No\u00ebl du CREA Mont-Blanc \" width=\"1000\" height=\"500\" \/><\/p>\n<h2><\/h2>\n<h2>25 jours d\u2019enneigement en moins en moyenne \u00e0 1500 et 2500 m d\u2019altitude depuis les ann\u00e9es 60 : plus de neige \u00e0 No\u00ebl ?<\/h2>\n<p>L\u2019accroissement des temp\u00e9ratures annuelles \u00e0 l\u2019\u00e9chelle des Alpes a \u00e9t\u00e9 de +2\u00b0C au cours du 20\u00e8me si\u00e8cle : ce chiffre est 2 fois plus important qu\u2019\u00e0 l\u2019\u00e9chelle de l\u2019h\u00e9misph\u00e8re nord, ou m\u00eame qu\u2019\u00e0 l\u2019\u00e9chelle de la France (+1,4\u00b0C). Et le sc\u00e9nario futur pr\u00e9dit une hausse des temp\u00e9ratures moyennes annuelles de l\u2019ordre de +3,3\u00b0C d\u2019ici 2100 par rapport \u00e0 la p\u00e9riode 1960-1990 !<\/p>\n<p>Premi\u00e8re cons\u00e9quence de ce r\u00e9chauffement : la dur\u00e9e d\u2019enneigement s\u2019est r\u00e9duite de 25 jours en moyenne \u00e0 1500 et 2500 m sur le Mont-Blanc depuis les ann\u00e9es 60. Va-t-on voir la neige continuer \u00e0 dispara\u00eetre peu \u00e0 peu \u00e0 moyenne altitude ? Parce que comprendre, c\u2019est mieux agir, le CREA Mont-Blanc \u00e9tudie depuis plus de 20 ans les \u00e9cosyst\u00e8mes de montagne et partage ces connaissances dans le cadre d\u2019un observatoire participatif, afin d\u2019aider d\u00e9cideurs et citoyens \u00e0 se mobiliser.<\/p>\n<p>&nbsp;<\/p>\n<p><img loading=\"lazy\" decoding=\"async\" class=\"wp-image-1007 aligncenter\" src=\"http:\/\/blog.creamontblanc.org\/wp-content\/uploads\/2017\/11\/MAIN@2x.png\" alt=\"\" width=\"200\" height=\"210\" \/><\/p>\n<p>&nbsp;<\/p>\n<p style=\"text-align: center\"><a href=\"http:\/\/creamontblanc.org\/fr\/offrez-de-la-neige\" class=\"btn button btn-shortcode kad-btn kad-btn-primary\" id=\"kadbtn627\" target=\"_self\" style=\"color:#FFF;\">Je fais un don<\/a>\n<p>&nbsp;<\/p>\n<h2>Je fais un don, je re\u00e7ois des flocons !<\/h2>\n<p>Reconnue par les Nations-Unies en 2017 lors de la COP23, soutenue par les pouvoirs publics et des entreprises partenaires, l\u2019ONG scientifique lance aujourd\u2019hui un appel aux dons pour contribuer au financement de ses activit\u00e9s en mati\u00e8re de recherche en \u00e9cologie alpine, data science et science participative associant chercheurs, d\u00e9cideurs et grand public.<\/p>\n<p>Du 1er au 24 d\u00e9cembre 2017, toute personne souhaitant soutenir l\u2019action du CREA Mont-Blanc pourra apporter sa contribution de 10, 20, 40 euros ou plus sur <a href=\"http:\/\/www.creamontblanc.org\/offrez-de-la-neige\" target=\"_blank\" rel=\"noopener\">www.creamontblanc.org<\/a> (soit 3,40\u20ac, 6,80\u20ac, 13,60\u20ac ou plus apr\u00e8s d\u00e9duction fiscale). Chaque contributeur recevra des flocons, soit en mode \u00ab Do It Yourself \u00bb, sous la forme d\u2019un tutoriel pour cr\u00e9er soi-m\u00eame des flocons en papier, soit sous la forme de flocons autocollants pour d\u00e9corer ses fen\u00eatres. Un moyen simple et utile d\u2019offrir \u00e0 ses proches un peu de neige pour No\u00ebl !<\/p>\n<p><img loading=\"lazy\" decoding=\"async\" class=\"wp-image-1009 aligncenter\" src=\"http:\/\/blog.creamontblanc.org\/wp-content\/uploads\/2017\/11\/flocon_CREAMontBlanc.gif\" alt=\"\" width=\"135\" height=\"135\" \/><\/p>\n<p>La campagne de dons s\u2019accompagnera d\u2019un dispositif d\u2019information d\u00e9di\u00e9 sur les r\u00e9seaux sociaux (<a href=\"https:\/\/www.facebook.com\/creamontblanc\" target=\"_blank\" rel=\"noopener\">facebook<\/a>, <a href=\"https:\/\/twitter.com\/creamontblanc\" target=\"_blank\" rel=\"noopener\">Twitter<\/a>, <a href=\"https:\/\/www.instagram.com\/creamontblanc\" target=\"_blank\" rel=\"noopener\">Instagram<\/a>) visant \u00e0 sensibiliser grand public et d\u00e9cideurs aux cons\u00e9quences du changement climatique d\u00e9j\u00e0 bien visibles en montagne : r\u00e9duction de l\u2019enneigement \u00e0 moyenne altitude, retrait marqu\u00e9 des glaciers, remont\u00e9e en altitude du permafrost (sol gel\u00e9 en permanence jouant un r\u00f4le capital dans la stabilit\u00e9 des terrains de montagne) et d\u00e9ficit en eau des sols plus fr\u00e9quent. Les effets du changement climatique sur la faune et la flore alpine sont \u00e9galement perceptibles et affectent d\u00e9j\u00e0 les dates des \u00e9v\u00e9nements saisonniers (ex. arriv\u00e9e des oiseaux migrateurs et ponte des amphibiens plus pr\u00e9coces), la distribution spatiale des esp\u00e8ces (mont\u00e9e en altitude) et leur abondance.<\/p>\n<p>&nbsp;<\/p>\n<p style=\"text-align: center\"><a href=\"http:\/\/creamontblanc.org\/fr\/offrez-de-la-neige\" class=\"btn button btn-shortcode kad-btn kad-btn-primary\" id=\"kadbtn792\" target=\"_self\" style=\"color:#FFF;\">Offrez de la neige ! <\/a>\n<p>&nbsp;<\/p>\n<hr \/>\n<p><strong>Pour en savoir plus<\/strong><\/p>\n<p><a href=\"http:\/\/www.atlasmontblanc.org\/fr\/le-changement-climatique-et-ses-impacts-dans-les-alpes\" target=\"_blank\" rel=\"noopener\">Le changement climatique et ses impacts dans les Alpes<\/a><\/p>\n<p><a href=\"http:\/\/blog.creamontblanc.org?p=944\" target=\"_blank\" rel=\"noopener\">Le CREA Mont-Blanc reconnu par les Nations Unies<\/a><\/p>\n","protected":false},"excerpt":{"rendered":"<p>Le CREA Mont-Blanc, ONG scientifique engag\u00e9e dans la compr\u00e9hension du changement climatique et de son impact, reconnue par les Nations-Unies en 2017, lance une campagne de dons pour contribuer au financement de ses activit\u00e9s en mati\u00e8re de recherche en \u00e9cologie &hellip; <a href=\"https:\/\/blog.creamontblanc.org?p=1002\">Lire la suite\u00ad\u00ad<\/a><\/p>\n","protected":false},"author":5,"featured_media":1005,"comment_status":"open","ping_status":"open","sticky":false,"template":"","format":"standard","meta":{"_monsterinsights_skip_tracking":false,"_monsterinsights_sitenote_active":false,"_monsterinsights_sitenote_note":"","_monsterinsights_sitenote_category":0,"ngg_post_thumbnail":0,"footnotes":""},"categories":[5],"tags":[74,27,38],"class_list":["post-1002","post","type-post","status-publish","format-standard","has-post-thumbnail","hentry","category-vie-association","tag-changement-climatique","tag-mont-blanc","tag-science-participative"],"aioseo_notices":[],"amp_enabled":true,"_links":{"self":[{"href":"https:\/\/blog.creamontblanc.org\/index.php?rest_route=\/wp\/v2\/posts\/1002","targetHints":{"allow":["GET"]}}],"collection":[{"href":"https:\/\/blog.creamontblanc.org\/index.php?rest_route=\/wp\/v2\/posts"}],"about":[{"href":"https:\/\/blog.creamontblanc.org\/index.php?rest_route=\/wp\/v2\/types\/post"}],"author":[{"embeddable":true,"href":"https:\/\/blog.creamontblanc.org\/index.php?rest_route=\/wp\/v2\/users\/5"}],"replies":[{"embeddable":true,"href":"https:\/\/blog.creamontblanc.org\/index.php?rest_route=%2Fwp%2Fv2%2Fcomments&post=1002"}],"version-history":[{"count":1,"href":"https:\/\/blog.creamontblanc.org\/index.php?rest_route=\/wp\/v2\/posts\/1002\/revisions"}],"predecessor-version":[{"id":1011,"href":"https:\/\/blog.creamontblanc.org\/index.php?rest_route=\/wp\/v2\/posts\/1002\/revisions\/1011"}],"wp:featuredmedia":[{"embeddable":true,"href":"https:\/\/blog.creamontblanc.org\/index.php?rest_route=\/wp\/v2\/media\/1005"}],"wp:attachment":[{"href":"https:\/\/blog.creamontblanc.org\/index.php?rest_route=%2Fwp%2Fv2%2Fmedia&parent=1002"}],"wp:term":[{"taxonomy":"category","embeddable":true,"href":"https:\/\/blog.creamontblanc.org\/index.php?rest_route=%2Fwp%2Fv2%2Fcategories&post=1002"},{"taxonomy":"post_tag","embeddable":true,"href":"https:\/\/blog.creamontblanc.org\/index.php?rest_route=%2Fwp%2Fv2%2Ftags&post=1002"}],"curies":[{"name":"wp","href":"https:\/\/api.w.org\/{rel}","templated":true}]}}